{"id":878,"date":"2012-06-26T08:06:45","date_gmt":"2012-06-26T06:06:45","guid":{"rendered":"http:\/\/mariesansimportance.net\/blog\/?p=878"},"modified":"2012-06-26T08:06:45","modified_gmt":"2012-06-26T06:06:45","slug":"comment-dire-aux-gens-normaux-quon-nest-pas-comme-eux","status":"publish","type":"post","link":"https:\/\/mariesansimportance.net\/blog\/comment-dire-aux-gens-normaux-quon-nest-pas-comme-eux\/","title":{"rendered":"comment dire aux gens normaux qu&rsquo;on n&rsquo;est pas comme eux&#8230;"},"content":{"rendered":"<p><a href=\"http:\/\/mariesansimportance.net\/blog\/wp-content\/uploads\/2012\/06\/BANDINELLI.jpg\"><img loading=\"lazy\" decoding=\"async\" class=\"alignleft size-thumbnail wp-image-881\" title=\"Etude de t\u0090te et d'\u008ecorch\u008e de t\u0090te (recto)\" src=\"http:\/\/mariesansimportance.net\/blog\/wp-content\/uploads\/2012\/06\/BANDINELLI-150x150.jpg\" alt=\"\" width=\"150\" height=\"150\" \/><\/a><\/p>\n<p><a href=\"http:\/\/mariesansimportance.net\/blog\/wp-content\/uploads\/2012\/06\/comment_dire_aux_gens.mp3\">comment_dire_aux_gens<\/a><\/p>\n<p>&#8230; sans qu&rsquo;ils s&rsquo;imaginent qu&rsquo;on croit qu&rsquo;on est mieux ou moins bien qu&rsquo;eux ? Et pourquoi leur dire ?<\/p>\n<p>Voici deux questions dont je ne connais pas la r\u00e9ponse mais auxquelles je suis souvent confront\u00e9e.<\/p>\n<p>Dire qu&rsquo;on n&rsquo;est pas normale ne proc\u00e8de pas d&rsquo;une esp\u00e8ce de snobisme ou de recherche d&rsquo;originalit\u00e9. Non, et je dirais m\u00eame plus, c&rsquo;est souvent lors des situations o\u00f9 je cherche \u00e0 \u00eatre normale que je me rends compte que je ne le suis pas et que malgr\u00e9 tous mes efforts, je ne le serai jamais.<\/p>\n<p>Alors oui, on est tous diff\u00e9rents et uniques et tout et tout. Bien s\u00fbr&#8230; Sauf que&#8230; Sauf que y&rsquo;a des gens comme moi et y&rsquo;a des gens normaux.<\/p>\n<p>Et l\u00e0, vous allez croire je ne sais pas quoi, que je me la p\u00e8te et ci et \u00e7a alors que \u00e7a n&rsquo;a rien \u00e0 voir.<\/p>\n<p>Les gens comme moi, on les trouve dans toutes les couches de la population, certains sont tr\u00e8s bien ins\u00e9r\u00e9s dans la soci\u00e9t\u00e9 d&rsquo;autres moins &#8211; je fais partie de ceux qui sont plut\u00f4t bien ins\u00e9r\u00e9s.<\/p>\n<p>Certains sont riches, d&rsquo;autres pauvres, y&rsquo;a des gar\u00e7ons et des filles, des jeunes, des vieux, des gros, des moches, des beaux, des d\u00e9pressifs (beaucoup), des fous, des gens intelligents et des cons&#8230; Des gens qui votent \u00e0 droite, d&rsquo;autres \u00e0 gauche, d&rsquo;autres qui ne votent pas, des \u00e9colos, des ouvriers, des banquiers peut-\u00eatre &#8211; m\u00eame si je n&rsquo;en connais pas personnellement&#8230;<\/p>\n<p>Bref, \u00e7a ratisse large dans ma cat\u00e9gorie.<\/p>\n<p>Et pourquoi je dis \u00e7a aujourd&rsquo;hui, et pourquoi c&rsquo;est important ? Parce que \u00e7a explique pourquoi je ne r\u00e9agis pas de la m\u00eame fa\u00e7on que la plupart des gens, parce qu&rsquo;il est strictement impossible que je vois les choses de la m\u00eame fa\u00e7on qu&rsquo;eux. Et \u00e7a n&rsquo;a rien \u00e0 voir avec l&rsquo;intelligence, \u00e7a se passe au niveau du ressenti&#8230;<\/p>\n<p>J&rsquo;essaie parfois d&rsquo;expliquer mais je dois souvent &#8211; presque toujours &#8211; faire face \u00e0 beaucoup d&rsquo;incompr\u00e9hension de la part des gens \u00e0 qui j&rsquo;essaie d&rsquo;expliquer. Et pourquoi je dois expliquer ? Parce que parfois les gens ne l\u00e2chent pas l&rsquo;affaire et veulent comprendre pourquoi je pense ci ou \u00e7a ou pourquoi je r\u00e9agis comme ci ou comme \u00e7a&#8230; mais je ne parviens pas \u00e0 expliquer.<\/p>\n<p>Alors, on tourne en rond&#8230;<\/p>\n<p>Et pis des fois, un petit miracle se produit : je croise un comme moi. Des fois, ils sont bien cach\u00e9s (comme moi, la plupart du temps), des fois on se reconnait sur un simple regard&#8230;<\/p>\n<p>\u00c7a fait du bien de savoir qu&rsquo;on n&rsquo;est pas seule&#8230;<\/p>\n<p>&nbsp;<\/p>\n","protected":false},"excerpt":{"rendered":"<p>comment_dire_aux_gens &#8230; sans qu&rsquo;ils s&rsquo;imaginent qu&rsquo;on croit qu&rsquo;on est mieux ou moins bien qu&rsquo;eux ? Et pourquoi leur dire ? Voici deux questions dont je ne connais pas la r\u00e9ponse mais auxquelles je suis souvent confront\u00e9e. Dire qu&rsquo;on n&rsquo;est pas &hellip; <a href=\"https:\/\/mariesansimportance.net\/blog\/comment-dire-aux-gens-normaux-quon-nest-pas-comme-eux\/\">Continuer la lecture <span class=\"meta-nav\">&rarr;<\/span><\/a><\/p>\n","protected":false},"author":1,"featured_media":0,"comment_status":"open","ping_status":"open","sticky":false,"template":"","format":"standard","meta":{"footnotes":""},"categories":[1,83],"tags":[79,586,18],"class_list":["post-878","post","type-post","status-publish","format-standard","hentry","category-ma-vie-mon-oeuvre","category-nimporte-quoi","tag-auto-defense","tag-nimporte-quoi","tag-violences"],"_links":{"self":[{"href":"https:\/\/mariesansimportance.net\/blog\/wp-json\/wp\/v2\/posts\/878","targetHints":{"allow":["GET"]}}],"collection":[{"href":"https:\/\/mariesansimportance.net\/blog\/wp-json\/wp\/v2\/posts"}],"about":[{"href":"https:\/\/mariesansimportance.net\/blog\/wp-json\/wp\/v2\/types\/post"}],"author":[{"embeddable":true,"href":"https:\/\/mariesansimportance.net\/blog\/wp-json\/wp\/v2\/users\/1"}],"replies":[{"embeddable":true,"href":"https:\/\/mariesansimportance.net\/blog\/wp-json\/wp\/v2\/comments?post=878"}],"version-history":[{"count":5,"href":"https:\/\/mariesansimportance.net\/blog\/wp-json\/wp\/v2\/posts\/878\/revisions"}],"predecessor-version":[{"id":885,"href":"https:\/\/mariesansimportance.net\/blog\/wp-json\/wp\/v2\/posts\/878\/revisions\/885"}],"wp:attachment":[{"href":"https:\/\/mariesansimportance.net\/blog\/wp-json\/wp\/v2\/media?parent=878"}],"wp:term":[{"taxonomy":"category","embeddable":true,"href":"https:\/\/mariesansimportance.net\/blog\/wp-json\/wp\/v2\/categories?post=878"},{"taxonomy":"post_tag","embeddable":true,"href":"https:\/\/mariesansimportance.net\/blog\/wp-json\/wp\/v2\/tags?post=878"}],"curies":[{"name":"wp","href":"https:\/\/api.w.org\/{rel}","templated":true}]}}